{"id":256,"date":"2022-02-07T09:53:39","date_gmt":"2022-02-07T08:53:39","guid":{"rendered":"https:\/\/mav.ekd.de\/?p=256"},"modified":"2023-03-03T09:30:41","modified_gmt":"2023-03-03T08:30:41","slug":"beteiligungsrechte-der-mitarbeitervertretung-teil-iii","status":"publish","type":"post","link":"https:\/\/mav.ekd.de\/?p=256","title":{"rendered":"Beteiligungsrechte der Mitarbeitervertretung Teil III"},"content":{"rendered":"\n<p><strong><u>Die Mitberatung (\u00a7 45 MVG-EKD)<\/u><\/strong><\/p>\n\n\n\n<p>Grundsatz: Der MAV ist eine beabsichtigte Ma\u00dfnahme rechtzeitig vor der Durchf\u00fchrung bekannt zu geben und auf Verlangen mit ihr zu er\u00f6rtern. Die MAV kann die Er\u00f6rterung nur innerhalb von zwei Wochen nach Bekanntgabe der beabsichtigten Ma\u00dfnahme verlangen. Die Frist kann auf bis zu drei Arbeitstage verk\u00fcrzt oder auf Antrag der MAV verl\u00e4ngert werden.<\/p>\n\n\n\n<p>Eine der Mitberatung unterliegende Ma\u00dfnahme ist unwirksam, wenn die MAV nicht beteiligt worden ist.<\/p>\n\n\n\n<p>Die MAV hat in den folgenden F\u00e4llen ein Mitberatungsrecht: <\/p>\n\n\n\n<p>a. Aufl\u00f6sung, Einschr\u00e4nkung, Verlegung und Zusammenlegung von Dienststellen oder erheblichen Teilen von ihnen, <\/p>\n\n\n\n<p>b. au\u00dferordentliche K\u00fcndigung,<\/p>\n\n\n\n<p>c. ordentliche K\u00fcndigung innerhalb der Probezeit,<\/p>\n\n\n\n<p>d. Versetzung und Abordnung von mehr als drei Monaten Dauer, wobei das Mitberatungsrecht hier f\u00fcr die MAV der abgebenden Dienststelle besteht,<\/p>\n\n\n\n<p>e. Aufstellung von Grunds\u00e4tzen f\u00fcr die Bemessung des Personalbedarfs,<\/p>\n\n\n\n<p>f. Geltendmachung von Schadenersatzanspr\u00fcchen auf Verlangen der in Anspruch genommenen Mitarbeiter und <\/p>\n\n\n\n<p>g. Mitarbeiterinnen, dauerhafte Vergabe von Arbeitsbereichen an Dritte, die bisher von Mitarbeitern und Mitarbeiterinnen der Dienststelle wahrgenommen werden.<\/p>\n\n\n\n<p><\/p>\n","protected":false},"excerpt":{"rendered":"<p>Die Mitberatung (\u00a7 45 MVG-EKD) Grundsatz: Der MAV ist eine beabsichtigte Ma\u00dfnahme rechtzeitig vor der Durchf\u00fchrung bekannt zu geben und auf Verlangen mit ihr zu er\u00f6rtern. Die MAV kann die Er\u00f6rterung nur innerhalb von zwei Wochen nach Bekanntgabe der beabsichtigten Ma\u00dfnahme verlangen. Die Frist kann auf bis zu drei Arbeitstage verk\u00fcrzt oder auf Antrag der <a href=\"https:\/\/mav.ekd.de\/?p=256\" class=\"more-link\">...weiterlesen<span class=\"screen-reader-text\"> \"Beteiligungsrechte der Mitarbeitervertretung Teil III\"<\/span><\/a><\/p>\n","protected":false},"author":3,"featured_media":0,"comment_status":"closed","ping_status":"closed","sticky":false,"template":"","format":"standard","meta":{"footnotes":""},"categories":[1],"tags":[],"class_list":{"0":"post-256","1":"post","2":"type-post","3":"status-publish","4":"format-standard","6":"category-allgemein","7":"h-entry","8":"hentry","9":"h-as-article"},"_links":{"self":[{"href":"https:\/\/mav.ekd.de\/index.php?rest_route=\/wp\/v2\/posts\/256","targetHints":{"allow":["GET"]}}],"collection":[{"href":"https:\/\/mav.ekd.de\/index.php?rest_route=\/wp\/v2\/posts"}],"about":[{"href":"https:\/\/mav.ekd.de\/index.php?rest_route=\/wp\/v2\/types\/post"}],"author":[{"embeddable":true,"href":"https:\/\/mav.ekd.de\/index.php?rest_route=\/wp\/v2\/users\/3"}],"replies":[{"embeddable":true,"href":"https:\/\/mav.ekd.de\/index.php?rest_route=%2Fwp%2Fv2%2Fcomments&post=256"}],"version-history":[{"count":1,"href":"https:\/\/mav.ekd.de\/index.php?rest_route=\/wp\/v2\/posts\/256\/revisions"}],"predecessor-version":[{"id":257,"href":"https:\/\/mav.ekd.de\/index.php?rest_route=\/wp\/v2\/posts\/256\/revisions\/257"}],"wp:attachment":[{"href":"https:\/\/mav.ekd.de\/index.php?rest_route=%2Fwp%2Fv2%2Fmedia&parent=256"}],"wp:term":[{"taxonomy":"category","embeddable":true,"href":"https:\/\/mav.ekd.de\/index.php?rest_route=%2Fwp%2Fv2%2Fcategories&post=256"},{"taxonomy":"post_tag","embeddable":true,"href":"https:\/\/mav.ekd.de\/index.php?rest_route=%2Fwp%2Fv2%2Ftags&post=256"}],"curies":[{"name":"wp","href":"https:\/\/api.w.org\/{rel}","templated":true}]}}